{"id":1126,"date":"2023-06-05T21:08:58","date_gmt":"2023-06-05T19:08:58","guid":{"rendered":"https:\/\/new.minipolisz.hu\/?p=1126"},"modified":"2023-06-11T21:30:01","modified_gmt":"2023-06-11T19:30:01","slug":"15-dijlovas-es-lovasterapias-verseny-foton","status":"publish","type":"post","link":"https:\/\/minipolisz.hu\/en\/15-dijlovas-es-lovasterapias-verseny-foton\/","title":{"rendered":"SPECIAL PROGRAM OFFER a15. DRESSING AND EQUINE THERAPY COMPETITION FOR PHOTO GROUPS!"},"content":{"rendered":"<p>\u00c9rdekel a lovagl\u00e1s \u00e9s a lovas versenyek? Szeretn\u00e9l k\u00f6zelebb ker\u00fclni a lovas kult\u00far\u00e1hoz? T\u00e9ged v\u00e1r szeptember 27-29. k\u00f6z\u00f6tt a 15. D\u00edjlovas \u00e9s lovaster\u00e1pi\u00e1s verseny F\u00f3ton! A bel\u00e9p\u00e9s d\u00edjtalan.<\/p>\n\n\n\n<p><strong>15. D\u00edjlovas \u00e9s lovaster\u00e1pi\u00e1s verseny F\u00f3ton<\/strong><\/p>\n\n\n\n<p>\u00c9rdekel a lovagl\u00e1s \u00e9s a lovas versenyek? Szeretn\u00e9l k\u00f6zelebb ker\u00fclni a lovas kult\u00far\u00e1hoz? L\u00e1togass el a Magyar Lovaster\u00e1pia Sz\u00f6vets\u00e9g imm\u00e1ron tizen\u00f6t\u00f6dik alkalommal megrendez\u00e9sre ker\u00fcl\u0151 nemzetk\u00f6zi \u00e9s hazai D\u00edjlovas Verseny\u00e9re \u00e9s Lovaster\u00e1pi\u00e1s Verseny\u00e9re F\u00f3tra,&nbsp;<strong>2019. szeptember 27-29. k\u00f6z\u00f6tt<\/strong>, ahol betekint\u00e9st nyerhetsz a lovagl\u00e1s profi pillanataiba. S\u0151t, m\u00e9g t\u00f6bb izgalmas pillanat v\u00e1r r\u00e1d, hiszen id\u00e9n a D\u00edjlovas Verseny Vil\u00e1gkupa is lesz (CDI-W \/ CDI3*CDIJ\/CDIY\/CDIP).<\/p>\n\n\n\n<p>The competition is sponsored and supported by our partner, the International Children's Rescue Service.<\/p>\n\n\n\n<p><strong>Entry to the event is free.<\/strong><\/p>\n\n\n\n<ul class=\"wp-block-list\">\n<li>Location: NGYSZ Equestrian Therapy and Education Center, 2151 F\u00f3t, V\u00f6r\u00f6smarty t\u00e9r 2.<\/li>\n\n\n\n<li>Date of the competition: September 27-29, 2019. (Friday-Sunday)<\/li>\n<\/ul>\n\n\n\n<p><strong>Further information:<\/strong><\/p>\n\n\n\n<ul class=\"wp-block-list\">\n<li>More information about the dressage and horse therapy competition:&nbsp;<a href=\"http:\/\/cdi-fot.lovasterapia.hu\/\" target=\"_blank\" rel=\"noreferrer noopener\" class=\"\">http:\/\/cdi-fot.lovasterapia.hu\/<\/a><\/li>\n\n\n\n<li>More information on the work of the MLTSZ a&nbsp;<a href=\"http:\/\/www.lovasterapia.hu\/\" target=\"_blank\" rel=\"noreferrer noopener\">www.lovasterapia.hu<\/a>&nbsp;oldalon tal\u00e1lhat\u00f3.<\/li>\n<\/ul>\n\n\n\n<p>Know more! Watch the video of last year's event here:<\/p>\n\n\n\n<figure class=\"wp-block-embed is-type-video is-provider-youtube wp-block-embed-youtube wp-embed-aspect-16-9 wp-has-aspect-ratio\"><div class=\"wp-block-embed__wrapper\">\n<iframe title=\"XIV. Nemzetk\u00f6zi \u00e9s Nemzeti D\u00edjlovas \u00e9s Lovaster\u00e1pi\u00e1s Verseny- r\u00f6vidfilm\" width=\"800\" height=\"450\" src=\"https:\/\/www.youtube.com\/embed\/5VapWAbSxcQ?feature=oembed\" frameborder=\"0\" allow=\"accelerometer; autoplay; clipboard-write; encrypted-media; gyroscope; picture-in-picture; web-share\" allowfullscreen><\/iframe>\n<\/div><\/figure>\n\n\n\n<p>All interested parties and riders are warmly welcomed!<\/p>","protected":false},"excerpt":{"rendered":"<p>\u00c9rdekel a lovagl\u00e1s \u00e9s a lovas versenyek? Szeretn\u00e9l k\u00f6zelebb ker\u00fclni a lovas kult\u00far\u00e1hoz? T\u00e9ged v\u00e1r szeptember 27-29. k\u00f6z\u00f6tt a 15. D\u00edjlovas \u00e9s lovaster\u00e1pi\u00e1s verseny F\u00f3ton! A bel\u00e9p\u00e9s d\u00edjtalan. 15. D\u00edjlovas \u00e9s lovaster\u00e1pi\u00e1s verseny F\u00f3ton \u00c9rdekel a lovagl\u00e1s \u00e9s a lovas versenyek? Szeretn\u00e9l k\u00f6zelebb ker\u00fclni a lovas kult\u00far\u00e1hoz? L\u00e1togass el a Magyar Lovaster\u00e1pia Sz\u00f6vets\u00e9g imm\u00e1ron tizen\u00f6t\u00f6dik [&hellip;]<\/p>","protected":false},"author":125,"featured_media":1128,"comment_status":"closed","ping_status":"open","sticky":false,"template":"","format":"standard","meta":{"footnotes":""},"categories":[9],"tags":[],"class_list":["post-1126","post","type-post","status-publish","format-standard","has-post-thumbnail","hentry","category-hirek"],"yoast_head":"<!-- This site is optimized with the Yoast SEO Premium plugin v25.6 (Yoast SEO v25.9) - https:\/\/yoast.com\/wordpress\/plugins\/seo\/ -->\n<title>15. D\u00cdJLOVAS \u00c9S LOVASTER\u00c1PI\u00c1S VERSENY F\u00d3TON - minipolisz<\/title>\n<meta name=\"robots\" content=\"index, follow, max-snippet:-1, max-image-preview:large, max-video-preview:-1\" \/>\n<link rel=\"canonical\" href=\"https:\/\/minipolisz.hu\/en\/15-dijlovas-es-lovasterapias-verseny-foton\/\" \/>\n<meta property=\"og:locale\" content=\"en_US\" \/>\n<meta property=\"og:type\" content=\"article\" \/>\n<meta property=\"og:title\" content=\"15. D\u00cdJLOVAS \u00c9S LOVASTER\u00c1PI\u00c1S VERSENY F\u00d3TON\" \/>\n<meta property=\"og:description\" content=\"\u00c9rdekel a lovagl\u00e1s \u00e9s a lovas versenyek? Szeretn\u00e9l k\u00f6zelebb ker\u00fclni a lovas kult\u00far\u00e1hoz? T\u00e9ged v\u00e1r szeptember 27-29. k\u00f6z\u00f6tt a 15. D\u00edjlovas \u00e9s lovaster\u00e1pi\u00e1s verseny F\u00f3ton! A bel\u00e9p\u00e9s d\u00edjtalan. 15. D\u00edjlovas \u00e9s lovaster\u00e1pi\u00e1s verseny F\u00f3ton \u00c9rdekel a lovagl\u00e1s \u00e9s a lovas versenyek? Szeretn\u00e9l k\u00f6zelebb ker\u00fclni a lovas kult\u00far\u00e1hoz? L\u00e1togass el a Magyar Lovaster\u00e1pia Sz\u00f6vets\u00e9g imm\u00e1ron tizen\u00f6t\u00f6dik [&hellip;]\" \/>\n<meta property=\"og:url\" content=\"https:\/\/minipolisz.hu\/en\/15-dijlovas-es-lovasterapias-verseny-foton\/\" \/>\n<meta property=\"og:site_name\" content=\"minipolisz\" \/>\n<meta property=\"article:publisher\" content=\"https:\/\/www.facebook.com\/MiniPolisz\" \/>\n<meta property=\"article:published_time\" content=\"2023-06-05T19:08:58+00:00\" \/>\n<meta property=\"article:modified_time\" content=\"2023-06-11T19:30:01+00:00\" \/>\n<meta property=\"og:image\" content=\"https:\/\/minipolisz.hu\/wp-content\/uploads\/2023\/06\/lovas_opt.jpg\" \/>\n\t<meta property=\"og:image:width\" content=\"1200\" \/>\n\t<meta property=\"og:image:height\" content=\"630\" \/>\n\t<meta property=\"og:image:type\" content=\"image\/jpeg\" \/>\n<meta name=\"author\" content=\"Tomi Tomi\" \/>\n<meta name=\"twitter:card\" content=\"summary_large_image\" \/>\n<meta name=\"twitter:label1\" content=\"Written by\" \/>\n\t<meta name=\"twitter:data1\" content=\"Tomi Tomi\" \/>\n\t<meta name=\"twitter:label2\" content=\"Est. reading time\" \/>\n\t<meta name=\"twitter:data2\" content=\"1 minute\" \/>\n<script type=\"application\/ld+json\" class=\"yoast-schema-graph\">{\"@context\":\"https:\/\/schema.org\",\"@graph\":[{\"@type\":\"Article\",\"@id\":\"https:\/\/minipolisz.hu\/15-dijlovas-es-lovasterapias-verseny-foton\/#article\",\"isPartOf\":{\"@id\":\"https:\/\/minipolisz.hu\/15-dijlovas-es-lovasterapias-verseny-foton\/\"},\"author\":{\"name\":\"Tomi Tomi\",\"@id\":\"https:\/\/minipolisz.hu\/#\/schema\/person\/8d049ced141a474460f605bd82e560e0\"},\"headline\":\"15. D\u00cdJLOVAS \u00c9S LOVASTER\u00c1PI\u00c1S VERSENY F\u00d3TON\",\"datePublished\":\"2023-06-05T19:08:58+00:00\",\"dateModified\":\"2023-06-11T19:30:01+00:00\",\"mainEntityOfPage\":{\"@id\":\"https:\/\/minipolisz.hu\/15-dijlovas-es-lovasterapias-verseny-foton\/\"},\"wordCount\":288,\"publisher\":{\"@id\":\"https:\/\/minipolisz.hu\/#organization\"},\"image\":{\"@id\":\"https:\/\/minipolisz.hu\/15-dijlovas-es-lovasterapias-verseny-foton\/#primaryimage\"},\"thumbnailUrl\":\"https:\/\/minipolisz.hu\/wp-content\/uploads\/2023\/06\/lovas_opt.jpg\",\"articleSection\":[\"H\u00edrek\"],\"inLanguage\":\"en-US\"},{\"@type\":\"WebPage\",\"@id\":\"https:\/\/minipolisz.hu\/15-dijlovas-es-lovasterapias-verseny-foton\/\",\"url\":\"https:\/\/minipolisz.hu\/15-dijlovas-es-lovasterapias-verseny-foton\/\",\"name\":\"15. D\u00cdJLOVAS \u00c9S LOVASTER\u00c1PI\u00c1S VERSENY F\u00d3TON - minipolisz\",\"isPartOf\":{\"@id\":\"https:\/\/minipolisz.hu\/#website\"},\"primaryImageOfPage\":{\"@id\":\"https:\/\/minipolisz.hu\/15-dijlovas-es-lovasterapias-verseny-foton\/#primaryimage\"},\"image\":{\"@id\":\"https:\/\/minipolisz.hu\/15-dijlovas-es-lovasterapias-verseny-foton\/#primaryimage\"},\"thumbnailUrl\":\"https:\/\/minipolisz.hu\/wp-content\/uploads\/2023\/06\/lovas_opt.jpg\",\"datePublished\":\"2023-06-05T19:08:58+00:00\",\"dateModified\":\"2023-06-11T19:30:01+00:00\",\"breadcrumb\":{\"@id\":\"https:\/\/minipolisz.hu\/15-dijlovas-es-lovasterapias-verseny-foton\/#breadcrumb\"},\"inLanguage\":\"en-US\",\"potentialAction\":[{\"@type\":\"ReadAction\",\"target\":[\"https:\/\/minipolisz.hu\/15-dijlovas-es-lovasterapias-verseny-foton\/\"]}]},{\"@type\":\"ImageObject\",\"inLanguage\":\"en-US\",\"@id\":\"https:\/\/minipolisz.hu\/15-dijlovas-es-lovasterapias-verseny-foton\/#primaryimage\",\"url\":\"https:\/\/minipolisz.hu\/wp-content\/uploads\/2023\/06\/lovas_opt.jpg\",\"contentUrl\":\"https:\/\/minipolisz.hu\/wp-content\/uploads\/2023\/06\/lovas_opt.jpg\",\"width\":1200,\"height\":630},{\"@type\":\"BreadcrumbList\",\"@id\":\"https:\/\/minipolisz.hu\/15-dijlovas-es-lovasterapias-verseny-foton\/#breadcrumb\",\"itemListElement\":[{\"@type\":\"ListItem\",\"position\":1,\"name\":\"Kezd\u0151lap\",\"item\":\"https:\/\/minipolisz.hu\/\"},{\"@type\":\"ListItem\",\"position\":2,\"name\":\"15. D\u00cdJLOVAS \u00c9S LOVASTER\u00c1PI\u00c1S VERSENY F\u00d3TON\"}]},{\"@type\":\"WebSite\",\"@id\":\"https:\/\/minipolisz.hu\/#website\",\"url\":\"https:\/\/minipolisz.hu\/\",\"name\":\"minipolisz\",\"description\":\"A hely, ahol Te is feln\u0151tt lehetsz\",\"publisher\":{\"@id\":\"https:\/\/minipolisz.hu\/#organization\"},\"potentialAction\":[{\"@type\":\"SearchAction\",\"target\":{\"@type\":\"EntryPoint\",\"urlTemplate\":\"https:\/\/minipolisz.hu\/?s={search_term_string}\"},\"query-input\":{\"@type\":\"PropertyValueSpecification\",\"valueRequired\":true,\"valueName\":\"search_term_string\"}}],\"inLanguage\":\"en-US\"},{\"@type\":\"Organization\",\"@id\":\"https:\/\/minipolisz.hu\/#organization\",\"name\":\"minipolisz\",\"url\":\"https:\/\/minipolisz.hu\/\",\"logo\":{\"@type\":\"ImageObject\",\"inLanguage\":\"en-US\",\"@id\":\"https:\/\/minipolisz.hu\/#\/schema\/logo\/image\/\",\"url\":\"https:\/\/minipolisz.hu\/wp-content\/uploads\/2023\/06\/logo_minipolisz-3.png\",\"contentUrl\":\"https:\/\/minipolisz.hu\/wp-content\/uploads\/2023\/06\/logo_minipolisz-3.png\",\"width\":324,\"height\":90,\"caption\":\"minipolisz\"},\"image\":{\"@id\":\"https:\/\/minipolisz.hu\/#\/schema\/logo\/image\/\"},\"sameAs\":[\"https:\/\/www.facebook.com\/MiniPolisz\"]},{\"@type\":\"Person\",\"@id\":\"https:\/\/minipolisz.hu\/#\/schema\/person\/8d049ced141a474460f605bd82e560e0\",\"name\":\"Tomi Tomi\",\"image\":{\"@type\":\"ImageObject\",\"inLanguage\":\"en-US\",\"@id\":\"https:\/\/minipolisz.hu\/#\/schema\/person\/image\/\",\"url\":\"https:\/\/secure.gravatar.com\/avatar\/ebcce56c128e524d6fcd736e1e5680d0929a514cca12d72a9a0535135affd846?s=96&d=mm&r=g\",\"contentUrl\":\"https:\/\/secure.gravatar.com\/avatar\/ebcce56c128e524d6fcd736e1e5680d0929a514cca12d72a9a0535135affd846?s=96&d=mm&r=g\",\"caption\":\"Tomi Tomi\"},\"sameAs\":[\"https:\/\/new.minipolisz.hu\/\"],\"url\":\"https:\/\/minipolisz.hu\/en\/author\/tomi\/\"}]}<\/script>\n<!-- \/ Yoast SEO Premium plugin. -->","yoast_head_json":{"title":"15. D\u00cdJLOVAS \u00c9S LOVASTER\u00c1PI\u00c1S VERSENY F\u00d3TON - minipolisz","robots":{"index":"index","follow":"follow","max-snippet":"max-snippet:-1","max-image-preview":"max-image-preview:large","max-video-preview":"max-video-preview:-1"},"canonical":"https:\/\/minipolisz.hu\/en\/15-dijlovas-es-lovasterapias-verseny-foton\/","og_locale":"en_US","og_type":"article","og_title":"15. D\u00cdJLOVAS \u00c9S LOVASTER\u00c1PI\u00c1S VERSENY F\u00d3TON","og_description":"\u00c9rdekel a lovagl\u00e1s \u00e9s a lovas versenyek? Szeretn\u00e9l k\u00f6zelebb ker\u00fclni a lovas kult\u00far\u00e1hoz? T\u00e9ged v\u00e1r szeptember 27-29. k\u00f6z\u00f6tt a 15. D\u00edjlovas \u00e9s lovaster\u00e1pi\u00e1s verseny F\u00f3ton! A bel\u00e9p\u00e9s d\u00edjtalan. 15. D\u00edjlovas \u00e9s lovaster\u00e1pi\u00e1s verseny F\u00f3ton \u00c9rdekel a lovagl\u00e1s \u00e9s a lovas versenyek? Szeretn\u00e9l k\u00f6zelebb ker\u00fclni a lovas kult\u00far\u00e1hoz? L\u00e1togass el a Magyar Lovaster\u00e1pia Sz\u00f6vets\u00e9g imm\u00e1ron tizen\u00f6t\u00f6dik [&hellip;]","og_url":"https:\/\/minipolisz.hu\/en\/15-dijlovas-es-lovasterapias-verseny-foton\/","og_site_name":"minipolisz","article_publisher":"https:\/\/www.facebook.com\/MiniPolisz","article_published_time":"2023-06-05T19:08:58+00:00","article_modified_time":"2023-06-11T19:30:01+00:00","og_image":[{"width":1200,"height":630,"url":"https:\/\/minipolisz.hu\/wp-content\/uploads\/2023\/06\/lovas_opt.jpg","type":"image\/jpeg"}],"author":"Tomi Tomi","twitter_card":"summary_large_image","twitter_misc":{"Written by":"Tomi Tomi","Est. reading time":"1 minute"},"schema":{"@context":"https:\/\/schema.org","@graph":[{"@type":"Article","@id":"https:\/\/minipolisz.hu\/15-dijlovas-es-lovasterapias-verseny-foton\/#article","isPartOf":{"@id":"https:\/\/minipolisz.hu\/15-dijlovas-es-lovasterapias-verseny-foton\/"},"author":{"name":"Tomi Tomi","@id":"https:\/\/minipolisz.hu\/#\/schema\/person\/8d049ced141a474460f605bd82e560e0"},"headline":"15. D\u00cdJLOVAS \u00c9S LOVASTER\u00c1PI\u00c1S VERSENY F\u00d3TON","datePublished":"2023-06-05T19:08:58+00:00","dateModified":"2023-06-11T19:30:01+00:00","mainEntityOfPage":{"@id":"https:\/\/minipolisz.hu\/15-dijlovas-es-lovasterapias-verseny-foton\/"},"wordCount":288,"publisher":{"@id":"https:\/\/minipolisz.hu\/#organization"},"image":{"@id":"https:\/\/minipolisz.hu\/15-dijlovas-es-lovasterapias-verseny-foton\/#primaryimage"},"thumbnailUrl":"https:\/\/minipolisz.hu\/wp-content\/uploads\/2023\/06\/lovas_opt.jpg","articleSection":["H\u00edrek"],"inLanguage":"en-US"},{"@type":"WebPage","@id":"https:\/\/minipolisz.hu\/15-dijlovas-es-lovasterapias-verseny-foton\/","url":"https:\/\/minipolisz.hu\/15-dijlovas-es-lovasterapias-verseny-foton\/","name":"15. D\u00cdJLOVAS \u00c9S LOVASTER\u00c1PI\u00c1S VERSENY F\u00d3TON - minipolisz","isPartOf":{"@id":"https:\/\/minipolisz.hu\/#website"},"primaryImageOfPage":{"@id":"https:\/\/minipolisz.hu\/15-dijlovas-es-lovasterapias-verseny-foton\/#primaryimage"},"image":{"@id":"https:\/\/minipolisz.hu\/15-dijlovas-es-lovasterapias-verseny-foton\/#primaryimage"},"thumbnailUrl":"https:\/\/minipolisz.hu\/wp-content\/uploads\/2023\/06\/lovas_opt.jpg","datePublished":"2023-06-05T19:08:58+00:00","dateModified":"2023-06-11T19:30:01+00:00","breadcrumb":{"@id":"https:\/\/minipolisz.hu\/15-dijlovas-es-lovasterapias-verseny-foton\/#breadcrumb"},"inLanguage":"en-US","potentialAction":[{"@type":"ReadAction","target":["https:\/\/minipolisz.hu\/15-dijlovas-es-lovasterapias-verseny-foton\/"]}]},{"@type":"ImageObject","inLanguage":"en-US","@id":"https:\/\/minipolisz.hu\/15-dijlovas-es-lovasterapias-verseny-foton\/#primaryimage","url":"https:\/\/minipolisz.hu\/wp-content\/uploads\/2023\/06\/lovas_opt.jpg","contentUrl":"https:\/\/minipolisz.hu\/wp-content\/uploads\/2023\/06\/lovas_opt.jpg","width":1200,"height":630},{"@type":"BreadcrumbList","@id":"https:\/\/minipolisz.hu\/15-dijlovas-es-lovasterapias-verseny-foton\/#breadcrumb","itemListElement":[{"@type":"ListItem","position":1,"name":"Kezd\u0151lap","item":"https:\/\/minipolisz.hu\/"},{"@type":"ListItem","position":2,"name":"15. D\u00cdJLOVAS \u00c9S LOVASTER\u00c1PI\u00c1S VERSENY F\u00d3TON"}]},{"@type":"WebSite","@id":"https:\/\/minipolisz.hu\/#website","url":"https:\/\/minipolisz.hu\/","name":"minipolisz","description":"The place where you can be a grown up","publisher":{"@id":"https:\/\/minipolisz.hu\/#organization"},"potentialAction":[{"@type":"SearchAction","target":{"@type":"EntryPoint","urlTemplate":"https:\/\/minipolisz.hu\/?s={search_term_string}"},"query-input":{"@type":"PropertyValueSpecification","valueRequired":true,"valueName":"search_term_string"}}],"inLanguage":"en-US"},{"@type":"Organization","@id":"https:\/\/minipolisz.hu\/#organization","name":"minipolisz","url":"https:\/\/minipolisz.hu\/","logo":{"@type":"ImageObject","inLanguage":"en-US","@id":"https:\/\/minipolisz.hu\/#\/schema\/logo\/image\/","url":"https:\/\/minipolisz.hu\/wp-content\/uploads\/2023\/06\/logo_minipolisz-3.png","contentUrl":"https:\/\/minipolisz.hu\/wp-content\/uploads\/2023\/06\/logo_minipolisz-3.png","width":324,"height":90,"caption":"minipolisz"},"image":{"@id":"https:\/\/minipolisz.hu\/#\/schema\/logo\/image\/"},"sameAs":["https:\/\/www.facebook.com\/MiniPolisz"]},{"@type":"Person","@id":"https:\/\/minipolisz.hu\/#\/schema\/person\/8d049ced141a474460f605bd82e560e0","name":"Tomi Tomi","image":{"@type":"ImageObject","inLanguage":"en-US","@id":"https:\/\/minipolisz.hu\/#\/schema\/person\/image\/","url":"https:\/\/secure.gravatar.com\/avatar\/ebcce56c128e524d6fcd736e1e5680d0929a514cca12d72a9a0535135affd846?s=96&d=mm&r=g","contentUrl":"https:\/\/secure.gravatar.com\/avatar\/ebcce56c128e524d6fcd736e1e5680d0929a514cca12d72a9a0535135affd846?s=96&d=mm&r=g","caption":"Tomi Tomi"},"sameAs":["https:\/\/new.minipolisz.hu\/"],"url":"https:\/\/minipolisz.hu\/en\/author\/tomi\/"}]}},"_links":{"self":[{"href":"https:\/\/minipolisz.hu\/en\/wp-json\/wp\/v2\/posts\/1126","targetHints":{"allow":["GET"]}}],"collection":[{"href":"https:\/\/minipolisz.hu\/en\/wp-json\/wp\/v2\/posts"}],"about":[{"href":"https:\/\/minipolisz.hu\/en\/wp-json\/wp\/v2\/types\/post"}],"author":[{"embeddable":true,"href":"https:\/\/minipolisz.hu\/en\/wp-json\/wp\/v2\/users\/125"}],"replies":[{"embeddable":true,"href":"https:\/\/minipolisz.hu\/en\/wp-json\/wp\/v2\/comments?post=1126"}],"version-history":[{"count":0,"href":"https:\/\/minipolisz.hu\/en\/wp-json\/wp\/v2\/posts\/1126\/revisions"}],"wp:featuredmedia":[{"embeddable":true,"href":"https:\/\/minipolisz.hu\/en\/wp-json\/wp\/v2\/media\/1128"}],"wp:attachment":[{"href":"https:\/\/minipolisz.hu\/en\/wp-json\/wp\/v2\/media?parent=1126"}],"wp:term":[{"taxonomy":"category","embeddable":true,"href":"https:\/\/minipolisz.hu\/en\/wp-json\/wp\/v2\/categories?post=1126"},{"taxonomy":"post_tag","embeddable":true,"href":"https:\/\/minipolisz.hu\/en\/wp-json\/wp\/v2\/tags?post=1126"}],"curies":[{"name":"wp","href":"https:\/\/api.w.org\/{rel}","templated":true}]}}